{"id":282,"date":"2022-07-07T21:30:52","date_gmt":"2022-07-07T21:30:52","guid":{"rendered":"http:\/\/www.exploregokova.com\/?p=282"},"modified":"2022-07-07T21:32:37","modified_gmt":"2022-07-07T21:32:37","slug":"dernek-adina-ayhan-ozturk-yanitliyor","status":"publish","type":"post","link":"http:\/\/www.exploregokova.com\/?p=282","title":{"rendered":"Dernek ad\u0131na Ayhan \u00d6zt\u00fcrk yan\u0131tl\u0131yor."},"content":{"rendered":"<h1 class=\"wp-block-heading\"><\/h1>\n<figure class=\"wp-block-image size-large\"><img loading=\"lazy\" decoding=\"async\" width=\"1024\" height=\"577\" src=\"http:\/\/www.exploregokova.com\/wp-content\/uploads\/2022\/07\/EXPLORE_KANYON-3-1024x577.jpg\" alt=\"\" class=\"wp-image-81\" srcset=\"http:\/\/www.exploregokova.com\/wp-content\/uploads\/2022\/07\/EXPLORE_KANYON-3-1024x577.jpg 1024w, http:\/\/www.exploregokova.com\/wp-content\/uploads\/2022\/07\/EXPLORE_KANYON-3-300x169.jpg 300w, http:\/\/www.exploregokova.com\/wp-content\/uploads\/2022\/07\/EXPLORE_KANYON-3-768x433.jpg 768w, http:\/\/www.exploregokova.com\/wp-content\/uploads\/2022\/07\/EXPLORE_KANYON-3-330x186.jpg 330w, http:\/\/www.exploregokova.com\/wp-content\/uploads\/2022\/07\/EXPLORE_KANYON-3.jpg 1456w\" sizes=\"auto, (max-width: 1024px) 100vw, 1024px\" \/><figcaption>AYHAN \u00d6ZT\u00dcRK &#8211; \u00d6RDOST DERNEK BA\u015eKANI<\/figcaption><\/figure>\n<p>\u00d6ren, yaz boyunca yazl\u0131k\u00e7\u0131lar\u0131n, Milas ve Mu\u011fla b\u00f6lge insan\u0131n\u0131n plaj b\u00f6lgesi olmay\u0131 s\u00fcrd\u00fcr\u00fcyor. Bu k\u0131sa sezon boyunca yo\u011fun g\u00fcnler ge\u00e7iren \u00d6ren, Eyl\u00fcl ile birlikte sessiz, sakin bir g\u00f6r\u00fcn\u00fcme kavu\u015fuyor. Bir STK olan \u00d6RDOST ise \u00d6ren\u2019i bamba\u015fka bir g\u00f6zle g\u00f6r\u00fcyor. Gelin kendilerini yak\u0131ndan tan\u0131yal\u0131m, &nbsp;\u00d6ren\u2019e bak\u0131\u015flar\u0131n\u0131, yapt\u0131klar\u0131n\u0131, \u00e7al\u0131\u015fmalar\u0131n\u0131 kendilerinden dinleyelim.<\/p>\n<p>Dernek ad\u0131na sorular\u0131m\u0131z\u0131 Ayhan \u00d6zt\u00fcrk yan\u0131tl\u0131yor.<\/p>\n<p><strong>\u00d6RDOST ne zaman kuruldu? Bize biraz derne\u011finizin faaliyetlerinden bahseder misiniz?<\/strong><\/p>\n<p>Derne\u011fimiz 2013 y\u0131l\u0131nda kuruldu. \u00d6RDOST\u2019un a\u00e7\u0131l\u0131m\u0131 \u00d6ren Do\u011fa Sporlar\u0131 Derne\u011fi. 2013 y\u0131l\u0131ndan bu yana, \u00d6ren\u2019in bir do\u011fa sporlar\u0131 merkezi olmas\u0131 y\u00f6n\u00fcnde faaliyetlerimizi s\u00fcrd\u00fcr\u00fcyoruz.<\/p>\n<p><strong>\u00d6ren\u2019de yama\u00e7 para\u015f\u00fct\u00fcn\u00fcn tarih\u00e7esinden bahseder misiniz?<\/strong><\/p>\n<p>Burada ilk yama\u00e7 para\u015f\u00fct\u00fcn\u00fc, Alman sporcu Oliver Guenay 96 \/ 97 sezonunda yapm\u0131\u015f. 23 Mart 2018\u2019de gen\u00e7 ya\u015fta (51 ya\u015f\u0131ndayken), bir hastal\u0131k nedeniyle kaybetti\u011fimiz bu sporcu, \u00f6nce bir da\u011fc\u0131, daha sonra yama\u00e7 para\u015f\u00fct\u00e7\u00fc olarak 73 \u00fclke gezmi\u015f ve gezilerini belgelemi\u015ftir. \u00d6ren Alatepe de onun ke\u015fiflerinden biridir.<\/p>\n<p>2010\u2019a do\u011fru Alnata Otel, \u00d6ren Belediyesi, Alatepe Muhtarl\u0131\u011f\u0131 deste\u011fi ile Oliver Guenay\u2019\u0131 tekrar \u00d6ren\u2019de a\u011f\u0131rlam\u0131\u015f\u0131z. \u00d6ren\u2019in tan\u0131t\u0131m\u0131na katk\u0131 sa\u011flamak i\u00e7in tepe d\u00fczeltilmi\u015f, bir kalk\u0131\u015f pisti olu\u015fturulmu\u015f ve t\u00fcm imk\u00e2nlar\u0131yla \u00d6ren\u2019i anlatan bir video haz\u0131rlanm\u0131\u015f. Yap\u0131lan bu \u00e7al\u0131\u015fmadan geriye \u015fu g\u00fczel g\u00f6r\u00fcnt\u00fcler kalm\u0131\u015f.<\/p>\n<p>Tepenin ilk a\u00e7\u0131lmas\u0131 b\u00f6yle olmu\u015f. Babada\u011f ile e\u015f zamanl\u0131 a\u00e7\u0131lm\u0131\u015f asl\u0131nda. Buras\u0131 i\u00e7in daha sonra bir iki Tandem \u015firketi ile anla\u015f\u0131lm\u0131\u015f; gelin b\u00f6lgeyi tan\u0131t\u0131n, yama\u00e7 para\u015f\u00fct\u00fc yap\u0131n diye. Ancak bu giri\u015fimler iyi niyetli olsa da r\u00fczg\u00e2r\u0131n saat 14.00\u2019den sonra \u015fiddetini art\u0131rmas\u0131, u\u00e7u\u015flara ara verilmesi, olay\u0131n ticari olarak d\u00f6nmesini engellemi\u015f. Yani hava \u015fartlar\u0131 uygun oldu\u011funda u\u00e7acak insan bulamam\u0131\u015flar, u\u00e7acak insan \u00e7okken de hava \u015fartlar\u0131n\u0131n uygun olmad\u0131\u011f\u0131 zamanlar olmu\u015f. Bu da i\u015f yapmay\u0131 engellemi\u015f. \u00c7\u00fcnk\u00fc buraya 3 \u2013 4 pilotu getirdi\u011finizde, bu insanlara para kazanmay\u0131 garanti etmek gerekiyor ki burada kalabilsinler. Hava \u015fartlar\u0131 ve \u00e7al\u0131\u015fma ko\u015fullar\u0131 h\u00e2l\u00e2 ge\u00e7erli ama biz bundan etkilenmiyoruz. \u00c7\u00fcnk\u00fc biz STK\u2019y\u0131z. G\u00fcnde bir iki kere u\u00e7up, ihtiya\u00e7lar\u0131n kar\u015f\u0131lanmas\u0131 bizim i\u00e7in yeterli. \u00c7\u00fcnk\u00fc biz kendi hayatlar\u0131m\u0131z\u0131 kendi i\u015flerimizden sa\u011fl\u0131yoruz.<\/p>\n<p><strong>Yama\u00e7 Para\u015f\u00fct\u00fc Festivali hakk\u0131nda bilgi verir misiniz? Ne zaman nas\u0131l ba\u015flad\u0131?<\/strong><\/p>\n<p>Biz burada 3 arkada\u015f yama\u00e7 para\u015f\u00fct\u00fcne ba\u015flad\u0131ktan sonra, buran\u0131n yama\u00e7 para\u015f\u00fct\u00fc sporcular\u0131na tan\u0131t\u0131m\u0131 i\u00e7in bir festival yapmaya karar verdik. B\u00f6lgenin tek sivil toplum \u00f6rg\u00fct\u00fc olarak 13 \u2013 14 \u2013 15 Nisan 2013\u2019de 3 g\u00fcnl\u00fck bir etkinlik yapt\u0131k. Sonu\u00e7lar\u0131 \u00e7ok da g\u00fczel oldu. O zamanki karakol komutan\u0131 Engin Beyin b\u00fcy\u00fck katk\u0131s\u0131 oldu. Buraya, T\u00fcrk Hava Kurumu\u2019nun hocalar\u0131n\u0131 davet etti. Okullar\u0131 davet etti. Bizim de ummad\u0131\u011f\u0131m\u0131z bir \u015fekilde \u00e7ok yo\u011fun bir taleple kar\u015f\u0131la\u015ft\u0131k. T\u00fcrkiye\u2019nin her yerinden 278 kat\u0131l\u0131mc\u0131 geldi. Ayr\u0131ca Fransa\u2019dan, \u0130ngiltere\u2019den kat\u0131l\u0131mc\u0131lar oldu. Kat\u0131l\u0131mc\u0131lar\u0131n t\u00fcm otel, yiyecek, nakliye masraflar\u0131n\u0131 derne\u011fimiz \u00fcyeleri, halk ve kat\u0131l\u0131mc\u0131 esnafla birlikte kar\u015f\u0131lad\u0131k. Onlar\u0131 \u00f6rg\u00fctledik, tek tek anlatt\u0131k. B\u00f6yle bir \u015feyin olmas\u0131 gerekti\u011fini s\u00f6yledik. \u00c7ok da b\u00fcy\u00fck yank\u0131 uyand\u0131rd\u0131 T\u00fcrkiye\u2019de. T\u00fcm yama\u00e7 para\u015f\u00fct\u00fc sporcular\u0131 ve kul\u00fcpleri \u00d6ren\u2019i tan\u0131d\u0131. Cemal bey gibi, Can gibi arkada\u015flar\u0131m\u0131z bu etkinliklerden sonra aram\u0131za kat\u0131ld\u0131. Bu yap\u0131lanlardan sonra b\u00f6lgeye yabanc\u0131 yerlerden de ilgi akmaya ba\u015flad\u0131. Bizimle temasa ge\u00e7enleri davet ettik, burada otellerde a\u011f\u0131rlad\u0131k. B\u00f6lgeyi tan\u0131tt\u0131k, tepeye \u00e7\u0131kartt\u0131k.<\/p>\n<p><strong>Tepenin o zamanki durumu nas\u0131ld\u0131? U\u00e7u\u015f yapmaya elveri\u015fli miydi? Nas\u0131l haz\u0131rland\u0131n\u0131z festivale?<\/strong><\/p>\n<p>Hay\u0131r ne yaz\u0131k ki de\u011fildi. Pist, ilk yap\u0131ld\u0131ktan sonra, y\u0131llar i\u00e7inde ya\u011f\u0131\u015flar ve di\u011fer etkenlerle bozulmu\u015ftu. Biz 2013 festivalinde tek tek ellerimizle doldurduk bozulan yerleri. Yakla\u015f\u0131k 300 kat\u0131l\u0131mc\u0131ya bu b\u00f6lgeyi a\u00e7t\u0131k. Her t\u00fcrl\u00fc emniyet tedbirlerini ald\u0131k. Dernek olarak ambulans paralar\u0131na var\u0131ncaya kadar her \u015feyi kendi imk\u00e2nlar\u0131m\u0131zla kar\u015f\u0131lad\u0131k. Denizdeki \u00f6nlemlerden, AKUT ekibine kadar her \u015feyi derne\u011fimiz ve biz yapt\u0131k.<\/p>\n<p>Bu etkinli\u011fimize, engelli \u00e7ocuklar i\u00e7in proje yapan Nil\u00fcfer Belediyesi\u2019nden paramotorcular geldi. Akrobasi pilotlar\u0131 geldi. Hepsi bu b\u00f6lgenin tan\u0131t\u0131m\u0131 i\u00e7in \u00e7al\u0131\u015ft\u0131lar.<\/p>\n<p><strong>2014\u2019de ikincisini ger\u00e7ekle\u015ftirdiniz mi? Ne tip haz\u0131rl\u0131klar yapt\u0131n\u0131z?<\/strong><\/p>\n<p>2014 y\u0131l\u0131nda b\u00fcy\u00fck\u015fehir yasas\u0131ndan sonra \u00d6ren y\u00f6netimi, Milas Belediyesi\u2019ne ge\u00e7ti. Milas Belediyesi de zaten bizim yapt\u0131klar\u0131m\u0131z\u0131 g\u00f6r\u00fcp takdir etti\u011fi i\u00e7in 2014 y\u0131l\u0131nda \u00e7ok b\u00fcy\u00fck bir etkinlik haz\u0131rlad\u0131k. O zamanki Kaymakam Fuat Bey ve Belediye Ba\u015fkan\u0131\u2019na dedik ki: \u201cBu yolu biz ellerimizle doldurduk, yakla\u015f\u0131k 15 km. Bu b\u00f6lgenin tan\u0131t\u0131m\u0131 size yak\u0131\u015f\u0131yor. Bu yolun yap\u0131lmas\u0131 \u00f6nemli.\u201d Fuat Bey ile Belediye Ba\u015fkan\u0131\u2019n\u0131n anla\u015fmas\u0131 ile Karayollar\u0131 ve Belediye\u2019nin \u00e7al\u0131\u015fmalar\u0131 ile tepeye kadar s\u0131cak asfalt d\u00f6k\u00fcld\u00fc.<\/p>\n<p>Belediyenin bu \u00e7al\u0131\u015fmas\u0131ndan sonra 2014 festivalinden \u00f6nce biz o b\u00f6lgeye, 13 ton k\u00f6m\u00fcr band\u0131 \u00e7\u0131kartt\u0131k. Kullan\u0131lm\u0131\u015f k\u00f6m\u00fcr band\u0131. \u0130\u015f makinesi \u00e7\u0131kart\u0131p tepeyi d\u00fczeltip, alt\u0131na tesviye yapt\u0131k. \u0130\u015f yerimizde yapt\u0131\u011f\u0131m\u0131z b\u00fcy\u00fck \u00e7ivilerle oraya yere \u00e7akt\u0131k. Kapanan bir hal\u0131 sahadan getirdi\u011fimiz suni \u00e7imi tepeye yerle\u015ftirdik. Kendi imk\u00e2nlar\u0131m\u0131zla yap\u0131\u015ft\u0131rd\u0131k. Etraf\u0131na b\u00fct\u00fcn drenaj sistemini yapt\u0131k ve T\u00fcrkiye\u2019nin en iyi alt yap\u0131s\u0131na sahip pistini hizmete sunduk.<\/p>\n<p><strong>Sadece haz\u0131rl\u0131klar i\u00e7in bile \u00e7ok u\u011fra\u015fm\u0131\u015fs\u0131n\u0131z. \u00c7ok eme\u011finiz var. Peki festival nas\u0131l oldu?<\/strong><\/p>\n<p>B\u00fcy\u00fck bir festival daha yap\u0131ld\u0131. Kat\u0131l\u0131m \u00e7ok daha fazlayd\u0131. 22-23 Nisan 2014\u2019deki bu b\u00fcy\u00fck etkinlikten sonra s\u00fcrekli okullar gelmeye ba\u015flad\u0131. Art\u0131k bu b\u00f6lge, baharda okullar\u0131 S\u0130V yani Acil M\u00fcdahale E\u011fitimlerini yapmalar\u0131 i\u00e7in geldikleri, serbest u\u00e7u\u015f yapt\u0131klar\u0131 b\u00f6lge haline geldi. 40\u2019ar 50\u2019\u015fer ki\u015filik gruplar halinde geliyorlar. Bizim amac\u0131m\u0131z bu: Temmuz A\u011fustos haricinde buradaki otelleri ve esnaf\u0131 o sporcular sayesinde etkin hale getirmek. B\u00f6lgemize de katk\u0131 sa\u011flamak.<\/p>\n<p><strong>\u00d6RDOST olarak ba\u015fka neler yap\u0131yorsunuz?<\/strong><\/p>\n<p>Bisiklet sporu olsun, kaya t\u0131rman\u0131\u015flar\u0131yla ilgili olsun, bir\u00e7ok \u00e7al\u0131\u015fmam\u0131z var. Kanyoncularla ilgili bir proje y\u00fcr\u00fct\u00fcyoruz. T\u00fcrkiye\u2019deki b\u00fct\u00fcn \u00fcst d\u00fczey kanyon ve kaya t\u0131rman\u0131\u015f\u00e7\u0131lar\u0131 ile irtibat halindeyiz. Buradaki yerleri tek tek tespit ediyoruz. \u00dcst d\u00fczey bir iki arkada\u015f\u0131m\u0131z var. Onlarla b\u00f6lgeleri geziyoruz. Mesela Yunanistan bu konuda kopmu\u015f gidiyor. O k\u00fc\u00e7\u00fcc\u00fck Yunanistan\u2019\u0131n b\u00fct\u00fcn kanyonlar\u0131 dolup ta\u015f\u0131yor. Biz de daha \u00e7ok kanyon var ama bilen yok. Biz hepsini tek tek k\u0131\u015f\u0131n buradaki arkada\u015flarla malzemeleri haz\u0131rlay\u0131p, o kanyonlar\u0131 ge\u00e7iyoruz. Ka\u00e7 kilometre oldu\u011funu, zorluk derecelerini, hepsini belirliyoruz. Bizden daha tecr\u00fcbeli insanlar\u0131 davet ediyoruz. Onlardan da buran\u0131n i\u015faretlenmesi, haritalanmas\u0131nda yard\u0131m al\u0131yoruz. Ondan sonraki hedef: bu tip sporcular\u0131n buraya gelmesi\u2026<\/p>\n<p><strong>\u00d6RDOST, \u00d6ren\u2019de 12 ay boyunca do\u011fa sporu ile u\u011fra\u015fanlar\u0131n yan\u0131nda diyebilir miyiz?<\/strong><\/p>\n<p>Biz spor k\u00fclt\u00fcr\u00fcyle harmanlanm\u0131\u015f, sporu bir ya\u015fam bi\u00e7imine getirmi\u015f insanlarla, normal k\u00fclt\u00fcrel, tarihi k\u00fclt\u00fcrel, genel k\u00fclt\u00fcrel yakla\u015fan insanlar\u0131n buraya gelmesi i\u00e7in elimizden geleni yap\u0131yoruz. Di\u011fer insanlarla a\u00e7\u0131k\u00e7as\u0131 \u00e7ok da bir i\u015fimiz yok. Yerel y\u00f6neticilerin de yanl\u0131\u015f yapt\u0131\u011f\u0131n\u0131, bu konuda devlet politikas\u0131n\u0131n da yanl\u0131\u015f oldu\u011funu d\u00fc\u015f\u00fcn\u00fcyoruz. Bizim b\u00fct\u00fcn amac\u0131m\u0131z; burada, spor k\u00fclt\u00fcr\u00fcyle, tarihsel k\u00fclt\u00fcrle ilgili ilerlemeler sa\u011flamak, bu sporcular\u0131 buraya davet etmek. 12 ay boyunca onlar\u0131 burada a\u011f\u0131rlamak. Buras\u0131n\u0131n 2 ay dolup ta\u015fmas\u0131 \u00f6nemli de\u011fil. 2 ay boyunca y\u00fczde 100 \u00e7al\u0131\u015faca\u011f\u0131na 12 ay boyunca y\u00fczde 70 \u00e7al\u0131\u015fs\u0131n. Hepsinden daha k\u00e2rl\u0131 ve mant\u0131kl\u0131\u2026 Bizim tek amac\u0131m\u0131z da bu.<\/p>\n<p><strong>E\u011fitim \u00e7al\u0131\u015fmalar\u0131n\u0131 nas\u0131l yap\u0131yorsunuz?<\/strong><\/p>\n<p>STK olarak gen\u00e7leri al\u0131yoruz, i\u00e7lerinde windsurf\u2019t\u00fc, kanoydu, kitesurf\u2019t\u00fc uygun olanlar\u0131 e\u011fitime g\u00f6nderiyoruz. \u00dccretlerini biz \u00f6d\u00fcyoruz. O e\u011fitimleri ald\u0131ktan sonra ilerlemeleri, belge almalar\u0131 i\u00e7in elimizden geleni yap\u0131yoruz. E\u011fitmen, hoca olmalar\u0131 i\u00e7in\u2026 Buradaki gen\u00e7lere vakitlerini de\u011ferlendirebilecekleri bir alternatif sunuyoruz. Gen\u00e7lere f\u0131rsat e\u015fitli\u011fi yaratmak istiyoruz. Bu \u00e7ocuklara bu sporlar\u0131n yap\u0131labilece\u011fini g\u00f6steriyoruz. Elimizden geleni yap\u0131yoruz. Amac\u0131m\u0131z da bu. \u00c7ok da bir beklentimiz yok. Hi\u00e7 kimseden bir beklentimiz yok. Biz yeterli bilgi, beceri ve tecr\u00fcbeye sahibiz.<\/p>\n<p><strong>Peki Alatepe hakk\u0131nda biraz bilgi verir misiniz?<\/strong><\/p>\n<p>Alatepe yakla\u015f\u0131k 650 metrelik bir tepedir. B\u00f6lge kalk\u0131\u015f pisti, teknik olarak P1 ve P2 u\u00e7u\u015f belgesi olanlar i\u00e7in yeterli de\u011fil. O ki\u015filer yetersiz kal\u0131r. Bu b\u00f6lge, P3 ve \u00fcst seviye pilotlara uygun bir u\u00e7u\u015f b\u00f6lgesidir. Ba\u015flar\u0131nda bir e\u011fitmeleri olmadan alt seviyedeki pilotlar burada u\u00e7u\u015f yapamazlar. Buran\u0131n \u00f6n\u00fc dik kayal\u0131kt\u0131r. Bu kayal\u0131klardan dolay\u0131 sadece e\u011fitmen g\u00f6zetiminde alt seviyeler u\u00e7abilir. Orta seviye ya da \u00fcst pilotlar kendileri buradan kalk\u0131\u015f yapabilirler. Buras\u0131 bu y\u00f6nden dikkat edilmesi gereken bir yerdir. Hava ak\u0131m\u0131 denilince buras\u0131 12 ay u\u00e7u\u015fa elveri\u015flidir.<\/p>\n<p>Bizim pistimiz sadece g\u00fcney y\u00f6n\u00fcndedir. G\u00fcneydo\u011fu, g\u00fcneybat\u0131 ve g\u00fcney y\u00f6nlerinde kalk\u0131\u015f yap\u0131labilir. Bu y\u00fczden biz hava raporlar\u0131n\u0131 bir g\u00fcn \u00f6nceden inceleriz. Raporlar\u0131n uygun oldu\u011funa kanaat getirdikten sonra tepeye \u00e7\u0131k\u0131\u015f yap\u0131l\u0131r, son karar tepede verilir. Darbe aral\u0131klar\u0131 \u00f6l\u00e7\u00fcl\u00fcr. R\u00fczgar darbe aral\u0131\u011f\u0131 4 knot\u2019\u0131n \u00fczerine \u00e7\u0131kt\u0131\u011f\u0131nda y\u00f6n\u00fc do\u011fru bile olsa u\u00e7u\u015f olmaz. Bu \u00f6nemlidir.<\/p>\n<p>Yelken hatt\u0131n\u0131n 4 kmlik b\u00f6l\u00fcm\u00fc son derece temiz d\u00fczg\u00fcn yap\u0131labilir durumdad\u0131r. Geri kalan yelken hatt\u0131, r\u00fczgar\u0131n y\u00f6n ve \u015fiddetine g\u00f6re sadece tecr\u00fcbeli pilotlar taraf\u0131ndan yap\u0131labilir. Biz burada 14 kilometrelik bir yelken hatt\u0131ndan bahsediyoruz. Toplamda 160 km dola\u015farak, 3 \u2013 6 saate kadar havada kald\u0131\u011f\u0131m\u0131z pek \u00e7ok u\u00e7u\u015fumuz olmu\u015ftur. Ama bunlar sadece hava \u015fartlar\u0131n\u0131 \u00e7ok iyi okumak gerekiyor ve tecr\u00fcbeli pilotlar taraf\u0131ndan yap\u0131l\u0131yor. Yoksa orta seviye pilotlar\u0131n bunu hi\u00e7bir zaman denememesi gerekiyor.<\/p>\n<p>Bu ayn\u0131 zamanda bir ekip i\u015fi\u2026 &nbsp;Biz bunlar\u0131 tek ba\u015f\u0131m\u0131za yapam\u0131yoruz. Bizi telsizle takip eden arkada\u015flar\u0131m\u0131z var. Hem g\u00f6zle, hem d\u00fcrb\u00fcnle birlikte havada hareket etti\u011fimiz arkada\u015flar\u0131m\u0131z var. Tek ba\u015f\u0131na bu tehlikeli bir spordur. Ba\u015f\u0131na gelecek en ufak \u015fey seni g\u00f6ren olmazsa bir felaketle sonu\u00e7lanabilir. Ama takip eden bir ekibin olursa, kolayca u\u00e7ulabilir. Alatepe\u2019den u\u00e7u\u015flar, yaz\u0131n sabah 10.00 ila 14.00 aras\u0131nda 2, 3 saatlik bir u\u00e7u\u015f verir genelde. Bahar aylar\u0131nda ve k\u0131\u015f\u0131nsa b\u00fct\u00fcn g\u00fcn u\u00e7u\u015f verir. Haziran ay\u0131 ba\u015flad\u0131ktan sonra kuzey r\u00fczg\u00e2rlar\u0131 ba\u015fl\u0131yor. Son 3 y\u0131ld\u0131r da iklimler a\u015f\u0131r\u0131 derecede de\u011fi\u015fti. Buradaki u\u00e7u\u015f, saat y\u00f6n ve \u015fiddetlerini son derece olumsuz etkiliyor. Son 3 y\u0131ld\u0131r d\u00fc\u015fe d\u00fc\u015fe, 90 g\u00fcnl\u00fck yaz boyunca en fazla 45 g\u00fcn, onda da en fazla 2\u2019\u015fer 3\u2019er saat izin veriyor. Onun haricinde y\u00f6n ve \u015fiddet konusunda de\u011fi\u015fmeler \u00e7ok s\u0131k oldu\u011fu i\u00e7in u\u00e7u\u015fa izin vermiyor. Bu yine de yama\u00e7 para\u015f\u00fct\u00fc sporu yapmak isteyenler i\u00e7in son derece elveri\u015fli bir \u015fey. \u00c7\u00fcnk\u00fc bu saatlerde u\u00e7maya gelen kul\u00fcpler zaten 2 u\u00e7u\u015f yapt\u0131ktan sonra denize giderek, do\u011fay\u0131 de\u011ferlendirebiliyorlar. Ama yaz d\u0131\u015f\u0131nda bu konuda sorun yok.<\/p>\n<p><strong>T\u00fcrkiye\u2019de ba\u015fka bir yerle k\u0131yaslama yapman\u0131z m\u00fcmk\u00fcn m\u00fc?<\/strong><\/p>\n<p>Babada\u011f \u00d6l\u00fcdeniz ile k\u0131yaslarsan\u0131z; \u00d6l\u00fcdeniz bu i\u015f i\u00e7in, yama\u00e7 para\u015f\u00fct\u00fc i\u00e7in yarat\u0131lm\u0131\u015f bir yerdir. 600 metreden 2.100 metreye kadar en az 6 tane pisti vard\u0131r. R\u00fczg\u00e2r hangi y\u00f6nden eserse essin kalk\u0131\u015f yap\u0131labilir.&nbsp;Buraya da k\u00fc\u00e7\u00fck \u00d6l\u00fcdeniz derler.&nbsp; Biraz evvel bahsetti\u011fim gibi&nbsp;bizim tek u\u00e7u\u015f pistimiz ve hava durumuna g\u00f6re u\u00e7u\u015f ko\u015fullar\u0131m\u0131z var.<\/p>\n<p><strong>Buraya gelen sporculara neler anlat\u0131yorsunuz?<\/strong><\/p>\n<p>D\u0131\u015far\u0131dan gelen yama\u00e7 para\u015f\u00fct\u00e7\u00fclerine tehlikeli yerler g\u00f6sterilir, ge\u00e7memeleri gereken s\u0131n\u0131rlar anlat\u0131l\u0131r. Hangi s\u0131n\u0131rlar aras\u0131nda u\u00e7malar\u0131 gerekti\u011fini, hangi hatt\u0131 izlemeleri gerekti\u011fini, \u00f6zellikle sert bat\u0131 r\u00fczg\u00e2r\u0131na \u00e7ok dikkat etmeleri gerekti\u011fini anlat\u0131r\u0131z. Bu r\u00fczg\u00e2r esmeye ba\u015flad\u0131\u011f\u0131nda acilen inmeleri gerekir. Ukalal\u0131k yap\u0131p, \u00e7okbilmi\u015flik taslayanlar\u0131 biz \u00e7ok defa da\u011flardan, kayalardan, denizlerden toplad\u0131k. Bu i\u015fin bir ahl\u00e2k\u0131, yaz\u0131lmayan bir kural\u0131 vard\u0131r. D\u00fcnya \u015fampiyonu da olsan, gitti\u011fin yerdeki yerel pilotlarla muhatap olmadan, onlardan bilgi almadan u\u00e7mazs\u0131n. Buraya gelenler de ayn\u0131 \u015fekilde bizle g\u00f6r\u00fc\u015f\u00fcr, bizden bilgi al\u0131rlar ve ona g\u00f6re hareket ederler.<\/p>\n<p>\u00c7\u00fcnk\u00fc siz bu b\u00f6lgede ba\u015f\u0131n\u0131za bir \u015fey geldi\u011finde jandarmay\u0131 da arasan\u0131z, AFAD\u2019\u0131 da arasan\u0131z, onlar d\u00f6ner bizi ararlar. \u00c7\u00fcnk\u00fc bu b\u00f6lgede s\u00fcrekli her t\u00fcrl\u00fc faaliyeti yapt\u0131\u011f\u0131m\u0131z i\u00e7in bizden yard\u0131m isterler. Biz gideriz onlarla birlikte.<\/p>\n<p><strong>Tekrar festivallere d\u00f6necek olursak, en son 2015 y\u0131l\u0131nda kalm\u0131\u015ft\u0131k.<\/strong><\/p>\n<p>2015 y\u0131l\u0131nda T\u00fcrkiye\u2019de D\u00fcnya Hedef \u015eampiyonas\u0131\u2019n\u0131n \u00f6nizlemeli ayaklar\u0131ndan birini yapt\u0131k \u00d6ren\u2019de. K\u00fclt\u00fcr Bakanl\u0131\u011f\u0131\u2019na proje yazd\u0131k. 20 bin TL dernek olarak cebimizden harcad\u0131k. Yakla\u015f\u0131k 15 bin liras\u0131 bir s\u00fcre sonra K\u00fclt\u00fcr Bakanl\u0131\u011f\u0131\u2019ndan bize \u00f6dendi. Di\u011fer maddi manevi her \u015fey bize ait oldu.<\/p>\n<p>2016 y\u0131l\u0131nda da D\u00fcnya Hedef \u015eampiyonas\u0131 Finali i\u00e7in talip olduk. \u00c7in, Pekin ald\u0131. Biz ikinci s\u0131rada kald\u0131k. Onlar \u00e7ok b\u00fcy\u00fck b\u00fct\u00e7elerle, \u00e7ok b\u00fcy\u00fck \u015feyler vaat ettiler. Biz sadece memleketimizin g\u00fczelli\u011fini vaat ettik. Ba\u015fka bir \u015fey vaat etmedik. Onun d\u0131\u015f\u0131nda 2016 y\u0131l\u0131nda T\u00fcrkiye tarihinin en m\u00fckemmel organizasyonlar\u0131ndan birini yapt\u0131k. En y\u00fcksek kat\u0131l\u0131ml\u0131, d\u00f6rt d\u00f6rtl\u00fck bir organizasyon oldu bu. Bunu b\u00fct\u00fcn d\u00fcnya da g\u00f6rd\u00fc. D\u00fcnya\u2019n\u0131n \u00fcnl\u00fc sporcular\u0131 buraya geldi. Akrobasi pilotlar\u0131, serbest atlay\u0131c\u0131lar\u2026 Bizim istedi\u011fimiz de bu. Biz festivalleri bahar ay\u0131nda yapar\u0131z, yar\u0131\u015fmalar\u0131 da sonbaharda.<\/p>\n<p>2016 y\u0131l\u0131n\u0131n sonunda da T\u00fcrk Hava Kurumu ile ilk kez T\u00fcrkiye tarihinde Eski\u015fehir \u0130n\u00f6n\u00fc haricinde bir yerde T\u00fcrkiye \u015eampiyonas\u0131 Finali d\u00fczenlendi. Biz dernek olarak d\u00fczenledik bunu ve milli sporcular buradan se\u00e7ildi. 2017 y\u0131l\u0131nda da onlar bizi temsil etti.<\/p>\n<p>2017 y\u0131l\u0131nda kendi sosyal \u00e7evremizle deniz dibi temizli\u011fi yapt\u0131k. T\u00fcpl\u00fc dalg\u0131\u00e7lar olsun, normal dalg\u0131\u00e7lar olsun, yerel gen\u00e7ler olsun hepsini bir araya toplad\u0131k. Koydan \u00e7\u0131kan malzemeleri belediye meydan\u0131nda sergiledik.<\/p>\n<p><strong>Bu sene neler yap\u0131ld\u0131?<\/strong><\/p>\n<p>2018 y\u0131l\u0131nda b\u00f6lge tarihinde bir ilk ger\u00e7ekle\u015ftirerek, \u201c\u00c7ocuklar ile El Ele Kano ve Bahar \u015eenli\u011fi\u201d yapt\u0131k. T\u00fcrkiye\u2019nin en \u00fcst d\u00fczey b\u00fct\u00fcn sporcular\u0131n\u0131 buraya toplad\u0131k. Hepsi geldiler. Yakla\u015f\u0131k 400 tane ilk\u00f6\u011fretim \u00e7a\u011f\u0131ndaki \u00e7ocu\u011fa bu sporu tan\u0131tmak i\u00e7in bir araya geldik. Bu b\u00f6lge, yakla\u015f\u0131k 25 -30 y\u0131l belediyecilik yapm\u0131\u015f, denizi olan bir yer. Ancak bir k\u00fcrek milli tak\u0131m\u0131 yok, k\u00fcrek tak\u0131m\u0131 yok. K\u00fcrek sporcusu yok. K\u00fcrek sporcular\u0131 nereden \u00e7\u0131k\u0131yor? Eski\u015fehir\u2019den \u00e7\u0131k\u0131yor. Kara iklimi olmas\u0131na ra\u011fmen demek ki orada vizyon var. Suyu al\u0131yor, \u00e7ocuklar\u0131 topluyor, ba\u015f\u0131na bir e\u011fitmen koyuyor, bu sayede milli tak\u0131m sporcular\u0131 Eski\u015fehir\u2019den \u00e7\u0131k\u0131yor. Bu Mu\u011fla\u2019n\u0131n \u00f6n\u00fcnde hen\u00fcz de\u011ferlendirilmemi\u015f bir f\u0131rsatt\u0131r. Biz bu a\u00e7\u0131\u011f\u0131 kapamak i\u00e7in \u00e7al\u0131\u015fmalar yap\u0131yor, malzeme topluyoruz.<\/p>\n<p>Windsurf malzemelerini topluyoruz. Kendi sosyal \u00e7evremizden getiriyoruz. Buradaki gen\u00e7leri al\u0131yoruz. Kurslara g\u00f6nderiyoruz. Dernek olarak \u00fccretlerini \u00f6d\u00fcyoruz. Bu malzemeleri teslim ediyoruz. Onlar da kendi arkada\u015flar\u0131na \u00f6\u011fretiyorlar. Okul aile birlikleri ile birlikte \u00e7al\u0131\u015f\u0131yoruz. Paraya ihtiya\u00e7lar\u0131 oldu\u011fu zamanlarda, bizim ad\u0131m\u0131za u\u00e7u\u015f sat\u0131\u015f\u0131 yap\u0131yorlar. Sonra biz de onlar ad\u0131na \u00fccretsiz u\u00e7uyoruz.<\/p>\n<p>\u00d6RDOST olarak \u00e7ok \u015fey yapt\u0131k, yap\u0131yoruz.<\/p>\n<p><strong>Bu c\u00fcmlenizi biraz daha a\u00e7ar m\u0131s\u0131n\u0131z?<\/strong><\/p>\n<p>\u0130ni\u015f pistimizin bulundu\u011fu bu b\u00f6lge, sazl\u0131k, y\u0131lan, kurba\u011fa, sivrisinek yuvas\u0131yd\u0131. Y\u0131llar \u00f6nce \u015fu kald\u0131r\u0131mdan bile ge\u00e7emezdiniz. Bizim 2013\u2019deki ilk festivalimizde k\u00fc\u00e7\u00fck bir b\u00f6l\u00fcm a\u00e7t\u0131rd\u0131ktan sonra, 2014\u2019de komple bak\u0131m\u0131n\u0131 Milas Belediyesi, bizim \u00f6neri ve tavsiyelerimizle yapt\u0131. M\u0131c\u0131r d\u00f6k\u00fclmesi ve s\u00fcrekli olarak kontrol\u00fc, Belediye\u2019nin ve Kaymakam\u2019\u0131n b\u00fcy\u00fck deste\u011fiyle bizim taraf\u0131m\u0131zdan yap\u0131ld\u0131. Tepe bizim taraf\u0131m\u0131zdan yap\u0131ld\u0131. Bu Karia Yolu tepeye kadar tekrar bizim taraf\u0131m\u0131zdan d\u00fczenlendi. Karia Yolu\u2019nun Alakilise denilen kaya mezar\u0131ndan \u00f6teye kapanan eski&nbsp;ke\u00e7i yolu, bizim giri\u015fimlerimizle, bizim \u00e7\u0131kartt\u0131\u011f\u0131m\u0131z \u00f6denekle Alatepe Muhtarl\u0131\u011f\u0131 \u0130smail Akp\u0131nar taraf\u0131ndan tekrar a\u00e7\u0131ld\u0131 y\u00fcr\u00fcy\u00fc\u015fe. Bunlar\u0131n hepsi bizim yapt\u0131\u011f\u0131m\u0131z etkinliklerdir. \u00c7evrenin d\u00fczenlenmesi, a\u00e7\u0131lmas\u0131, kesilmesi, \u00e7\u00f6p\u00fcne kadar her \u015feyi ile ilgileniyoruz. \u0130ni\u015f alan\u0131n\u0131n, karavanlar\u0131n d\u00fczenlenmesinden, kamp\u00e7\u0131lar\u0131na kadar, b\u00fct\u00fcn bu b\u00f6lgenin d\u00fczenlenmesini Milas Belediyesi\u2019nin deste\u011fi ile biz yap\u0131yoruz. Biz derken\u2026 Ben i\u015f\u00e7iyim santralde \u00e7al\u0131\u015f\u0131yorum. Cemal bey hukuk\u00e7u, Erol bey beden e\u011fitimi \u00f6\u011fretmeni, Can bey polis memuru, Alaattin bey i\u015f\u00e7i\u2026 B\u00fct\u00fcn bu insanlar\u0131n destekleriyle, \u00f6\u011fretmenlerin destekleriyle, buradaki gen\u00e7lerin i\u00e7erisindeki arkada\u015flar\u0131n destekleriyle \u00e7al\u0131\u015fmalar\u0131m\u0131z\u0131 s\u00fcrd\u00fcr\u00fcyoruz. Ben demiyoruz, biz diyoruz hep. Bunlar\u0131 biz yapt\u0131k. Bunlar\u0131 yaparken, biz burada neler g\u00f6rd\u00fck neler.<\/p>\n<p><strong>Zayim Cemal Altay Bey konuya bir ekleme yapmak istiyor. S\u00f6z sizde Cemal Hocam\u2026<\/strong><\/p>\n<figure class=\"wp-block-image size-large\"><img loading=\"lazy\" decoding=\"async\" width=\"1024\" height=\"576\" src=\"http:\/\/www.exploregokova.com\/wp-content\/uploads\/2022\/07\/EXPLORE_SEAKAYAKING-1-1024x576.jpg\" alt=\"\" class=\"wp-image-102\" srcset=\"http:\/\/www.exploregokova.com\/wp-content\/uploads\/2022\/07\/EXPLORE_SEAKAYAKING-1-1024x576.jpg 1024w, http:\/\/www.exploregokova.com\/wp-content\/uploads\/2022\/07\/EXPLORE_SEAKAYAKING-1-300x169.jpg 300w, http:\/\/www.exploregokova.com\/wp-content\/uploads\/2022\/07\/EXPLORE_SEAKAYAKING-1-768x432.jpg 768w, http:\/\/www.exploregokova.com\/wp-content\/uploads\/2022\/07\/EXPLORE_SEAKAYAKING-1-1536x864.jpg 1536w, http:\/\/www.exploregokova.com\/wp-content\/uploads\/2022\/07\/EXPLORE_SEAKAYAKING-1-2048x1152.jpg 2048w, http:\/\/www.exploregokova.com\/wp-content\/uploads\/2022\/07\/EXPLORE_SEAKAYAKING-1-330x186.jpg 330w\" sizes=\"auto, (max-width: 1024px) 100vw, 1024px\" \/><figcaption>ZAY\u0130M CEMAL ALTAY<\/figcaption><\/figure>\n<p>Bizim as\u0131l faaliyetlerimiz k\u0131\u015f\u0131n. Bunun i\u00e7inde g\u00fcn\u00fcbirlik y\u00fcr\u00fcy\u00fc\u015fler var. Hatta uzun mesafe y\u00fcr\u00fcy\u00fc\u015fler var. Bisiklet grubumuz var. Buradan bir \u00e7\u0131kar\u0131z, Akyaka\u2019dan tutun ta Yedi Adalar\u2019a oradan Dat\u00e7a, feribotla kar\u015f\u0131ya Bodrum\u2019a gider, sonra tekrar buraya geliriz. Bunu y\u0131lda birka\u00e7 defa yap\u0131yoruz. Bir de senede bir kere uluslararas\u0131 \u00e7ok b\u00fcy\u00fck bir bisiklet etkinli\u011fi oluyor. Buraya 600 \u2013 700 bisikletli geliyor. Bunlar\u0131n kurdu\u011fu \u00e7ad\u0131rlar, kamp alanlar\u0131 ta marinan\u0131n ba\u015f\u0131ndan buraya kadar \u00d6ren c\u0131v\u0131l c\u0131v\u0131l bir hale geliyor. Bunun d\u0131\u015f\u0131nda hafta sonlar\u0131 Milas Da\u011fc\u0131l\u0131k Kul\u00fcb\u00fc ile birlikte karayollar\u0131n\u0131n b\u00f6l\u00fcmlerini y\u00fcr\u00fcyoruz. 40\u2019l\u0131, 30\u2019lu gruplar halinde. K\u0131\u015f\u0131n \u00e7ok daha keyifli, zevkli oluyor buras\u0131. Ben ayn\u0131 zamanda 3 y\u0131ld\u0131z dalg\u0131\u00e7 e\u011fitmeniyim. Kendi aram\u0131zda arkada\u015flarla dal\u0131yoruz ama \u00f6zel olarak bir e\u011fitim vermiyorum. Ayr\u0131ca motorkros var, ufak bir teknemiz var. Tekneyle de arada gidip geldi\u011fimiz oluyor.<\/p>\n<p>Burada 12 ay denize girebiliyoruz. Ben kendim Hollanda\u2019da ya\u015fad\u0131\u011f\u0131m i\u00e7in, oradaki eksi 25\u2019den art\u0131 16 ya gelince buras\u0131 hamam gibi geliyor. Deniz suyu s\u0131cakl\u0131\u011f\u0131 hi\u00e7 16 derecenin alt\u0131na d\u00fc\u015fm\u00fcyor. Is\u0131nmak i\u00e7in denize giriyorsun.<\/p>\n<p><strong>Te\u015fekk\u00fcrler. Ayhan bey \u00d6RDOST\u2019un ald\u0131\u011f\u0131 destekler neler?<\/strong><\/p>\n<p>Milas Belediyesi 2018 i\u00e7in bizim talebimiz \u00fczerine bize 2 tak\u0131m malzeme yard\u0131m\u0131 yapt\u0131. Te\u015fekk\u00fcr ederiz \u00e7ok da i\u015fimize yarad\u0131. Biz ilk kez d\u0131\u015far\u0131dan, K\u00fclt\u00fcr Bakanl\u0131\u011f\u0131 ile yapt\u0131\u011f\u0131m\u0131z Hedef \u015eampiyonas\u0131\u2019nda proje kar\u015f\u0131l\u0131\u011f\u0131 hibe olarak 15.000 TL lik bir destek ald\u0131k. D\u00fcnya\u2019n\u0131n takip etti\u011fi bir organizasyondu. 2016\u2019da yapt\u0131\u011f\u0131m\u0131z b\u00fcy\u00fck etkinlikte kendi imk\u00e2nlar\u0131m\u0131zla yapt\u0131\u011f\u0131m\u0131z 42 bin TL\u2019lik bir harcamam\u0131z olmu\u015ftu. K\u0131l\u0131\u00e7 Bal\u0131k, ger\u00e7ekle\u015ftirdi\u011fimiz etkinli\u011fi g\u00f6rd\u00fckten sonra, yakla\u015f\u0131k 15 bin TL kat\u0131l\u0131mc\u0131lar\u0131n otel faturalar\u0131n\u0131 \u00f6demi\u015fti. Bunun da bize b\u00fcy\u00fck bir katk\u0131s\u0131 olmu\u015ftu. 2016 y\u0131l\u0131nda Milas Belediyesi\u2019nin bir katk\u0131s\u0131 daha olmu\u015ftu. O da daha \u00f6nce tepeye yap\u0131\u011f\u0131m\u0131z suni \u00e7im eskimi\u015fti, yenilenmesi gerekiyordu. Bize bu konuda da Milas Belediyesi\u2019nin \u00e7ok yard\u0131m\u0131 oldu. Bir de bu \u00e7evrenin d\u00fczenlenmesi konusunda ne istesek, belediye yard\u0131mc\u0131 oluyor. Pistin d\u00fczenlenmesi, otlar\u0131n kesilmesi, toplanmas\u0131, yukardaki b\u00fcy\u00fcyen otlar\u0131n toplanmas\u0131, \u00e7evre d\u00fczenlemesi, o konularda bizim b\u00fct\u00fcn taleplerimizin hepsini kar\u015f\u0131l\u0131yorlar. Bu konuda kendilerine te\u015fekk\u00fcr ediyoruz.<\/p>\n<p><strong>Bu sene neler yap\u0131lacak? Sonbaharda yine yar\u0131\u015fma olacak m\u0131?<\/strong><\/p>\n<p>T\u00fcrkiye Hava Sporlar\u0131 Federasyonu 2016 y\u0131l\u0131nda kuruldu. Bizden tekrar T\u00fcrkiye \u015eampiyonas\u0131 Finali d\u00fczenlememizi talep ettiler. Yapt\u0131\u011f\u0131m\u0131z g\u00f6r\u00fc\u015fmeler sonunda, yapt\u0131\u011f\u0131m\u0131z anla\u015fma gere\u011fi 19 \u2013 20 \u2013 21 Ekim 2018 tarihlerinde derne\u011fimiz taraf\u0131ndan T\u00fcrkiye Yama\u00e7 Para\u015f\u00fct\u00fc Hedef \u015eampiyonas\u0131 Finali \u00d6ren\u2019de yap\u0131lacak. Bu yap\u0131lacak etkinlik tamamen \u00d6RDOST derne\u011finin organizasyonunda olacak. T\u00fcrk Hava Federasyonu ile birlikte y\u00fcr\u00fct\u00fclecek. Gerekli destekler belediye ve kaymakaml\u0131ktan talep edilecek. 2019 T\u00fcrk Milli Tak\u0131m\u0131 sporcular\u0131 buradan se\u00e7ilecek ve \u00fclkemizi temsil edecekler.<\/p>\n<p><strong>Son olarak eklemek istedi\u011finiz bir \u015fey var m\u0131?<\/strong><\/p>\n<p>Kap\u0131m\u0131z\u0131n \u00d6ren\u2019i en iyi \u015fekilde de\u011ferlendirebilecek t\u00fcm spor okullar\u0131na a\u00e7\u0131k oldu\u011funu tekrar vurgulamak isterim.<\/p>\n","protected":false},"excerpt":{"rendered":"<p>\u00d6ren, yaz boyunca yazl\u0131k\u00e7\u0131lar\u0131n, Milas ve Mu\u011fla b\u00f6lge insan\u0131n\u0131n plaj b\u00f6lgesi olmay\u0131 s\u00fcrd\u00fcr\u00fcyor. Bu k\u0131sa sezon boyunca yo\u011fun g\u00fcnler ge\u00e7iren \u00d6ren, Eyl\u00fcl ile birlikte sessiz, sakin bir g\u00f6r\u00fcn\u00fcme kavu\u015fuyor. Bir STK olan \u00d6RDOST ise \u00d6ren\u2019i bamba\u015fka bir g\u00f6zle g\u00f6r\u00fcyor. Gelin kendilerini yak\u0131ndan tan\u0131yal\u0131m, &nbsp;\u00d6ren\u2019e bak\u0131\u015flar\u0131n\u0131, yapt\u0131klar\u0131n\u0131, \u00e7al\u0131\u015fmalar\u0131n\u0131 kendilerinden dinleyelim. Dernek ad\u0131na sorular\u0131m\u0131z\u0131 Ayhan \u00d6zt\u00fcrk yan\u0131tl\u0131yor. &#8230;<\/p>\n","protected":false},"author":1,"featured_media":0,"comment_status":"closed","ping_status":"closed","sticky":false,"template":"","format":"standard","meta":{"footnotes":""},"categories":[1],"tags":[19,32,30,31,12,18],"class_list":["post-282","post","type-post","status-publish","format-standard","hentry","category-uncategorized","tag-alatepe","tag-bodrum-belediye","tag-oliver-guenay","tag-oren","tag-paragliding","tag-yamac-parasutu"],"_links":{"self":[{"href":"http:\/\/www.exploregokova.com\/index.php?rest_route=\/wp\/v2\/posts\/282","targetHints":{"allow":["GET"]}}],"collection":[{"href":"http:\/\/www.exploregokova.com\/index.php?rest_route=\/wp\/v2\/posts"}],"about":[{"href":"http:\/\/www.exploregokova.com\/index.php?rest_route=\/wp\/v2\/types\/post"}],"author":[{"embeddable":true,"href":"http:\/\/www.exploregokova.com\/index.php?rest_route=\/wp\/v2\/users\/1"}],"replies":[{"embeddable":true,"href":"http:\/\/www.exploregokova.com\/index.php?rest_route=%2Fwp%2Fv2%2Fcomments&post=282"}],"version-history":[{"count":1,"href":"http:\/\/www.exploregokova.com\/index.php?rest_route=\/wp\/v2\/posts\/282\/revisions"}],"predecessor-version":[{"id":285,"href":"http:\/\/www.exploregokova.com\/index.php?rest_route=\/wp\/v2\/posts\/282\/revisions\/285"}],"wp:attachment":[{"href":"http:\/\/www.exploregokova.com\/index.php?rest_route=%2Fwp%2Fv2%2Fmedia&parent=282"}],"wp:term":[{"taxonomy":"category","embeddable":true,"href":"http:\/\/www.exploregokova.com\/index.php?rest_route=%2Fwp%2Fv2%2Fcategories&post=282"},{"taxonomy":"post_tag","embeddable":true,"href":"http:\/\/www.exploregokova.com\/index.php?rest_route=%2Fwp%2Fv2%2Ftags&post=282"}],"curies":[{"name":"wp","href":"https:\/\/api.w.org\/{rel}","templated":true}]}}